{"id":3929,"date":"2025-12-04T18:38:13","date_gmt":"2025-12-04T21:38:13","guid":{"rendered":"https:\/\/www.santanapg.com.br\/site\/?p=3929"},"modified":"2025-12-04T18:41:36","modified_gmt":"2025-12-04T21:41:36","slug":"dia-d-matricula-2025-uma-grande-reuniao-de-familia","status":"publish","type":"post","link":"https:\/\/www.santanapg.com.br\/site\/noticias\/dia-d-matricula-2025-uma-grande-reuniao-de-familia\/","title":{"rendered":"Dia D Matr\u00edcula 2025: Uma grande reuni\u00e3o de fam\u00edlia"},"content":{"rendered":"<p><em>Fam\u00edlias, alunos e futuros alunos tiveram a oportunidade de viver um dia diferente<\/em><\/p>\n<p>No \u00faltimo s\u00e1bado (29\/11), o Col\u00e9gio Sant\u2019Ana abriu suas portas para receber visitantes e fam\u00edlias na segunda edi\u00e7\u00e3o do <strong>Dia D Matr\u00edcula<\/strong>. Uma oportunidade pensada para unir toda a fam\u00edlia Sant\u2019Ana.<\/p>\n<p>Repetindo a proposta iniciada em 2024, o \u201cDia D\u201d foi a oportunidade que faltava para as fam\u00edlias entrarem no col\u00e9gio para efetivar ou renovar a matr\u00edcula, fazer uma visita guiada e as crian\u00e7as e jovens aproveitarem para se divertir com as atividades pensadas pela equipe. Em uma grande sinergia entre corpo t\u00e9cnico-administrativo e corpo docente, os pais e fam\u00edlias foram recebidos com uma organiza\u00e7\u00e3o diferenciada, visando atendimento eficiente e tranquilo.<\/p>\n<p>Segundo a irm\u00e3 Maria Aluisia Rhoden, o Dia D reflete a ess\u00eancia do esp\u00edrito do Col\u00e9gio e Faculdade Sant\u2019Ana. \u201cSempre fazemos quest\u00e3o de refor\u00e7ar o convite \u2018venha ver; venha conhecer\u2019, porque acreditamos que educar \u00e9 estar perto dos alunos\u201d, declarou a diretora.<\/p>\n<p>As atividades come\u00e7aram \u00e0s 9 da manh\u00e3 e se estenderam at\u00e9 o meio da tarde, acolhendo todos os visitantes pelo port\u00e3o principal. Com resultado extremamente positivo, o Dia D se consagra como um grande momento do calend\u00e1rio do Col\u00e9gio Sant\u2019Ana.<\/p>\n<p><a title=\"Dia D Matr\u00edcula 2025\" href=\"https:\/\/www.flickr.com\/photos\/jorgemunhoz\/albums\/72177720330716852\" data-flickr-embed=\"true\"><img fetchpriority=\"high\" decoding=\"async\" class=\"aligncenter\" src=\"https:\/\/live.staticflickr.com\/65535\/54964026396_40d94d0acf_b.jpg\" alt=\"Dia D Matr\u00edcula 2025\" width=\"1024\" height=\"768\" \/><\/a><script async src=\"\/\/embedr.flickr.com\/assets\/client-code.js\" charset=\"utf-8\">\n<span data-mce-type=\"bookmark\" style=\"display: inline-block; width: 0px; overflow: hidden; line-height: 0;\" class=\"mce_SELRES_start\">\ufeff<\/span><\/script><\/p>\n","protected":false},"excerpt":{"rendered":"<p>Fam\u00edlias, alunos e futuros alunos tiveram a oportunidade de viver um dia diferente No \u00faltimo s\u00e1bado (29\/11), o Col\u00e9gio Sant\u2019Ana abriu suas portas para receber visitantes e fam\u00edlias na segunda edi\u00e7\u00e3o do Dia D Matr\u00edcula. Uma oportunidade pensada para unir toda a fam\u00edlia Sant\u2019Ana. Repetindo a proposta iniciada em 2024, o \u201cDia D\u201d foi a [&hellip;]<\/p>\n","protected":false},"author":1,"featured_media":3941,"comment_status":"open","ping_status":"open","sticky":false,"template":"","format":"standard","meta":{"_eb_attr":"","footnotes":""},"categories":[1],"tags":[],"class_list":["post-3929","post","type-post","status-publish","format-standard","has-post-thumbnail","hentry","category-noticias"],"_links":{"self":[{"href":"https:\/\/www.santanapg.com.br\/site\/wp-json\/wp\/v2\/posts\/3929","targetHints":{"allow":["GET"]}}],"collection":[{"href":"https:\/\/www.santanapg.com.br\/site\/wp-json\/wp\/v2\/posts"}],"about":[{"href":"https:\/\/www.santanapg.com.br\/site\/wp-json\/wp\/v2\/types\/post"}],"author":[{"embeddable":true,"href":"https:\/\/www.santanapg.com.br\/site\/wp-json\/wp\/v2\/users\/1"}],"replies":[{"embeddable":true,"href":"https:\/\/www.santanapg.com.br\/site\/wp-json\/wp\/v2\/comments?post=3929"}],"version-history":[{"count":2,"href":"https:\/\/www.santanapg.com.br\/site\/wp-json\/wp\/v2\/posts\/3929\/revisions"}],"predecessor-version":[{"id":3940,"href":"https:\/\/www.santanapg.com.br\/site\/wp-json\/wp\/v2\/posts\/3929\/revisions\/3940"}],"wp:featuredmedia":[{"embeddable":true,"href":"https:\/\/www.santanapg.com.br\/site\/wp-json\/wp\/v2\/media\/3941"}],"wp:attachment":[{"href":"https:\/\/www.santanapg.com.br\/site\/wp-json\/wp\/v2\/media?parent=3929"}],"wp:term":[{"taxonomy":"category","embeddable":true,"href":"https:\/\/www.santanapg.com.br\/site\/wp-json\/wp\/v2\/categories?post=3929"},{"taxonomy":"post_tag","embeddable":true,"href":"https:\/\/www.santanapg.com.br\/site\/wp-json\/wp\/v2\/tags?post=3929"}],"curies":[{"name":"wp","href":"https:\/\/api.w.org\/{rel}","templated":true}]}}