{"id":3925,"date":"2025-12-04T17:01:30","date_gmt":"2025-12-04T20:01:30","guid":{"rendered":"https:\/\/www.santanapg.com.br\/site\/?p=3925"},"modified":"2025-12-04T17:04:13","modified_gmt":"2025-12-04T20:04:13","slug":"apresentacoes-artisticas-destacam-talentos-do-santana","status":"publish","type":"post","link":"https:\/\/www.santanapg.com.br\/site\/noticias\/apresentacoes-artisticas-destacam-talentos-do-santana\/","title":{"rendered":"Apresenta\u00e7\u00f5es Art\u00edsticas Destacam Talentos do Sant\u2019Ana"},"content":{"rendered":"<p><em>Teatro, ballet e banda celebram o final de ano com apresenta\u00e7\u00f5es memor\u00e1veis<\/em><\/p>\n<p>O Col\u00e9gio Sant\u2019Ana tem, em sua ess\u00eancia, o compromisso de promover o desenvolvimento integral de seus alunos, incentivando o surgimento de novos talentos e a aproxima\u00e7\u00e3o com as artes. Ao longo do ano letivo, a prepara\u00e7\u00e3o para as apresenta\u00e7\u00f5es art\u00edsticas \u00e9 intensa, e as atividades extracurriculares ganham um papel ainda mais significativo, especialmente nas \u00e1reas de teatro, ballet e m\u00fasica.<\/p>\n<div class=\"simple-slider\">\n<div class=\"slides\"><img decoding=\"async\" src=\"https:\/\/www.santanapg.com.br\/site\/wp-content\/uploads\/2025\/12\/Espetaculo-Ballet-Colegio-Santana-2025.jpg\" alt=\"\" \/><br \/>\n<img decoding=\"async\" src=\"https:\/\/www.santanapg.com.br\/site\/wp-content\/uploads\/2025\/12\/apresentacao-teatro-colegio-santana-2025.jpg\" alt=\"\" \/><br \/>\n<img decoding=\"async\" src=\"https:\/\/www.santanapg.com.br\/site\/wp-content\/uploads\/2025\/12\/jantar-30-anos-banda-santana.jpg\" alt=\"\" \/><\/div>\n<p><button class=\"prev\">\u276e<\/button><br \/>\n<button class=\"next\">\u276f<\/button><\/p>\n<\/div>\n<p><script>\ndocument.addEventListener(\"DOMContentLoaded\", function() {\n  const slides = document.querySelector(\".slides\");\n  const images = document.querySelectorAll(\".slides img\");\n  const prevBtn = document.querySelector(\".prev\");\n  const nextBtn = document.querySelector(\".next\");\n  let index = 0;<\/p>\n<p>  function showSlide(i) {\n    if (i < 0) index = images.length - 1; else if (i >= images.length) index = 0;\n    else index = i;\n    slides.style.transform = `translateX(${-index * 100}%)`;\n  }<\/p>\n<p>  prevBtn.addEventListener(\"click\", () => showSlide(index - 1));\n  nextBtn.addEventListener(\"click\", () => showSlide(index + 1));\n});\n<\/script><br \/>\n<em>Agenda cultural intensa no Col\u00e9gio Sant&#8217;Ana durante m\u00eas de novembro &#8211; fotos: reprodu\u00e7\u00e3o \/ Instagram \/ Assessoria<\/em><\/p>\n<p><strong>Teatro: O Brilho das Interpreta\u00e7\u00f5es<\/strong><\/p>\n<p>Sob a coordena\u00e7\u00e3o do professor Renan Simionato, o grupo de Teatro do Col\u00e9gio Sant\u2019Ana encantou o p\u00fablico com suas apresenta\u00e7\u00f5es de \u201cO M\u00e1gico de Oz\u201d, \u201cToy Story\u201d e \u201cMulan\u201d. Com ingressos esgotados, as apresenta\u00e7\u00f5es ocorreram entre os dias 4 e 27 de novembro, em duas sess\u00f5es cada. \u201c\u00c9 um grande orgulho ver meus alunos se entregando com tanta paix\u00e3o e compet\u00eancia aos seus pap\u00e9is. Cada um brilhou de maneira \u00fanica\u201d, afirmou o professor Renan.<\/p>\n<p><strong>Banda de Metais e Percuss\u00e3o: Uma Hist\u00f3ria de Tradi\u00e7\u00e3o e Sucesso<\/strong><\/p>\n<p>A Banda de Metais e Percuss\u00e3o do Col\u00e9gio Sant\u2019Ana celebrou 30 anos de hist\u00f3ria em grande estilo. Sob a reg\u00eancia do maestro Carlos Sebasti\u00e3o Taques, a banda promoveu um concerto especial no Clube Verde, reunindo m\u00fasicos de v\u00e1rias gera\u00e7\u00f5es. Em uma noite emocionante, o p\u00fablico de mais de 800 pessoas acompanhou um repert\u00f3rio cuidadosamente selecionado, que incluiu participa\u00e7\u00f5es de ex-integrantes da banda e uma homenagem aos momentos mais marcantes de sua trajet\u00f3ria.<\/p>\n<p><strong>Ballet: O Encanto de Broadway<\/strong><\/p>\n<p>O ballet do Col\u00e9gio Sant\u2019Ana, sob a dire\u00e7\u00e3o da professora Cris Correia Mezzadri, encantou o p\u00fablico com o espet\u00e1culo \u201cNo Ritmo da Broadway\u201d. Com um corpo de mais de XX bailarinas, o show apresentou coreografias de grandes musicais como \u201cOs Miser\u00e1veis\u201d, \u201cCats\u201d e \u201cWicked\u201d. As apresenta\u00e7\u00f5es, realizadas no Anfiteatro do col\u00e9gio, emocionaram o p\u00fablico em duas sess\u00f5es memor\u00e1veis.<\/p>\n<p><strong>A Arte como Caminho Espiritual<\/strong><\/p>\n<p>Para a irm\u00e3 Maria Alu\u00edsia, as apresenta\u00e7\u00f5es art\u00edsticas s\u00e3o tamb\u00e9m uma oportunidade de vivenciar momentos de espiritualidade. \u201cQuando apresentamos o que \u00e9 belo, estamos refletindo o divino, falando do c\u00e9u\u201d, compartilhou ela em um dos espet\u00e1culos.<\/p>\n<p>O sucesso das apresenta\u00e7\u00f5es foi celebrado com aplausos entusiasmados. O p\u00fablico j\u00e1 aguarda ansiosamente pelos espet\u00e1culos de 2026.<\/p>\n<p>&nbsp;<\/p>\n","protected":false},"excerpt":{"rendered":"<p>Teatro, ballet e banda celebram o final de ano com apresenta\u00e7\u00f5es memor\u00e1veis O Col\u00e9gio Sant\u2019Ana tem, em sua ess\u00eancia, o compromisso de promover o desenvolvimento integral de seus alunos, incentivando o surgimento de novos talentos e a aproxima\u00e7\u00e3o com as artes. Ao longo do ano letivo, a prepara\u00e7\u00e3o para as apresenta\u00e7\u00f5es art\u00edsticas \u00e9 intensa, e [&hellip;]<\/p>\n","protected":false},"author":1,"featured_media":3935,"comment_status":"open","ping_status":"open","sticky":false,"template":"","format":"standard","meta":{"_eb_attr":"","footnotes":""},"categories":[1],"tags":[],"class_list":["post-3925","post","type-post","status-publish","format-standard","has-post-thumbnail","hentry","category-noticias"],"_links":{"self":[{"href":"https:\/\/www.santanapg.com.br\/site\/wp-json\/wp\/v2\/posts\/3925","targetHints":{"allow":["GET"]}}],"collection":[{"href":"https:\/\/www.santanapg.com.br\/site\/wp-json\/wp\/v2\/posts"}],"about":[{"href":"https:\/\/www.santanapg.com.br\/site\/wp-json\/wp\/v2\/types\/post"}],"author":[{"embeddable":true,"href":"https:\/\/www.santanapg.com.br\/site\/wp-json\/wp\/v2\/users\/1"}],"replies":[{"embeddable":true,"href":"https:\/\/www.santanapg.com.br\/site\/wp-json\/wp\/v2\/comments?post=3925"}],"version-history":[{"count":5,"href":"https:\/\/www.santanapg.com.br\/site\/wp-json\/wp\/v2\/posts\/3925\/revisions"}],"predecessor-version":[{"id":3939,"href":"https:\/\/www.santanapg.com.br\/site\/wp-json\/wp\/v2\/posts\/3925\/revisions\/3939"}],"wp:featuredmedia":[{"embeddable":true,"href":"https:\/\/www.santanapg.com.br\/site\/wp-json\/wp\/v2\/media\/3935"}],"wp:attachment":[{"href":"https:\/\/www.santanapg.com.br\/site\/wp-json\/wp\/v2\/media?parent=3925"}],"wp:term":[{"taxonomy":"category","embeddable":true,"href":"https:\/\/www.santanapg.com.br\/site\/wp-json\/wp\/v2\/categories?post=3925"},{"taxonomy":"post_tag","embeddable":true,"href":"https:\/\/www.santanapg.com.br\/site\/wp-json\/wp\/v2\/tags?post=3925"}],"curies":[{"name":"wp","href":"https:\/\/api.w.org\/{rel}","templated":true}]}}